{"id":2615,"date":"2023-12-01T23:14:16","date_gmt":"2023-12-01T23:14:16","guid":{"rendered":"https:\/\/miguelandreis.com.ar\/opinion\/?p=2615"},"modified":"2023-12-01T23:14:23","modified_gmt":"2023-12-01T23:14:23","slug":"y-de-caputo-cuando-hablamos","status":"publish","type":"post","link":"https:\/\/miguelandreis.com.ar\/opinion\/y-de-caputo-cuando-hablamos\/","title":{"rendered":"\u00bfY de Caputo cu\u00e1ndo hablamos?"},"content":{"rendered":"\n<h4 class=\"wp-block-heading\"><strong>Nuevo gobierno. Luchar para que Milei sea exitoso\u2026<\/strong><\/h4>\n\n\n\n<p><strong><em>Escribe: Miguel Andreis<\/em><\/strong>.<\/p>\n\n\n\n<p>Extra\u00f1o clima social. Incierto y atemorizador. El pa\u00eds atraviesa uno de los momentos m\u00e1s vacilantes y robadores de sue\u00f1os, en cuanto al futuro. La realidad es un camino minado por funcionarios que est\u00e1n camino a la retirada en todos los \u00f3rdenes, que no les importaron las consecuencias de sus acciones. No se pueden hacer los distra\u00eddos. Nadie, ni los que se van ni los que asumir\u00e1n pueden decir que no vieron lo que se ven\u00eda. Lo que les dejaban. Eso no es m\u00e1s que una de las tantas muestras que en funci\u00f3n de alcanzar el poder nunca interesa a costa de qu\u00e9. <\/p>\n\n\n\n<p>Por otra parte, nos encontramos con un presidente electo que, en su acci\u00f3n disruptiva y no menos intempestiva, logr\u00f3, se\u00f1alando acusatoriamente a la casta pol\u00edtica de ser responsables de todos los males, no sin raz\u00f3n, que el 56% de los votantes lo acompa\u00f1aran en las urnas. Esa casta, curiosamente, hoy es su respaldo.\u00a0 Nadie por el momento le pedir\u00e1 rendiciones de cuenta. Se asociaron.<\/p>\n\n\n\n<p><strong>Fue sincero, no minti\u00f3<\/strong><\/p>\n\n\n\n<p>Habr\u00e1 que decir que, a su favor, el electo no apel\u00f3 a la promesa f\u00e1cil ni demag\u00f3gica, muy frecuente entre los postulantes de todos los matices, y aludi\u00f3 a una cruel realidad y, m\u00e1s brutal y conflictivo futuro. No prometi\u00f3 lluvia de flores. Hoy ya se lanza con un panorama desolador. Eso le alcanz\u00f3 para ganar. Hasta ah\u00ed se trat\u00f3 de un punto de inflexi\u00f3n. Lo que se sucedi\u00f3 en los d\u00edas siguientes al triunfo fue y es, bastante confuso a la hora de armar su Gabinete. <\/p>\n\n\n\n<p>Quiz\u00e1s, se dio en el momento en que Javier Milei, desde lo cuantitativo social, sum\u00f3 m\u00e1s voluntades. Mayores apoyos. \u00a0Los mismos despose\u00eddos, no todos, pero s\u00ed muchos, hablan de la necesidad de un ajuste. Muy posiblemente que unos y otros a\u00fan no hemos tomado conciencia de que un ajuste o como quieran llamarlo, no es otra cosa que una escalera a la pobreza de verdad, solo que hacia abajo. <\/p>\n\n\n\n<p>Por ahora nos entretienen con la \u201cEstanflaci\u00f3n\u201d, definici\u00f3n tan vieja que la mayor\u00eda de los j\u00f3venes nunca sinti\u00f3 nombrar. En realidad, dicha patolog\u00eda se viene dando desde hace 11 a\u00f1os, solo que a nadie se le ocurri\u00f3 ponerla en tinta sobre el papel. Por un lado, los gobernadores entrantes que le reclaman a Milei la carencia de fondos, (cosa curiosa sin a\u00fan no asumi\u00f3), ya que no tienen dinero para pagar en las provincias sueldos y aguinaldos. Seguramente cosa veraz. <\/p>\n\n\n\n<p>Ahora, es necesario que nos preguntemos, ninguno de ellos, sin importar el color pol\u00edtico que representan, ni tampoco los que se van, se dieron cuenta que la campa\u00f1a de Sergio Massa a presidente se trataba de una de las estafas m\u00e1s inmorales y perversas en la historia de la pol\u00edtica nacional. Indican que la misma tuvo un desvergonzado e inmoral costo de 15 mil millones de d\u00f3lares. Cifra que aparece desde sus propias fuentes. <\/p>\n\n\n\n<p>\u00bfCu\u00e1ntos de ellos, los gobernantes y candidatos para la nueva gesti\u00f3n, salieron a las calles a reclamar -como algunos pretende hacerlo en los pr\u00f3ximos d\u00edas- (aunque no todos) a reclamar por el uso monstruoso de semejante cifras? \u00bfSon tan ingenuos que no se dieron cuenta o especularon pensando que si el tigrense ganaba le cortaba los v\u00edveres? \u00bfO en todo caso creyeron que los recursos repartidos a la \u201cmanchancha\u201d, era un regalo del T\u00edo Tom?\u00a0 Con esa cifra alcanzar\u00eda y sobrar\u00eda para abonar, no uno, sino dos aguinaldos y sueldos de todas las provincias. <\/p>\n\n\n\n<p>Massa anunci\u00f3 que se va del pa\u00eds. Le ofrecieron laburo en el sector privado. L\u00e1stima que no haya tomado antes tal decisi\u00f3n \u00bfNo piensan llevarlo a la Justicia? \u00a0Se sigue dejando que la impunidad gane espacio y libertades inmerecidas.<\/p>\n\n\n\n<p><strong>No es bueno firmar un documento en blanco,<\/strong> <strong>cuando el papel est\u00e1 manchado<\/strong>.<\/p>\n\n\n\n<p>Por otra parte, aparecen nombres en el nuevo gabinete a asumir como el de Luis Caputto, nada menos que manejando la econom\u00eda. El mismo al que se lo acusan de que junto con el JP Morgan, en el gobierno de Macri, hicieran un pase m\u00e1gico de 15 mil millones de d\u00f3lares. Nunca m\u00e1s se conoci\u00f3 el destino de esos ba\u00fales de verdes billetes. <\/p>\n\n\n\n<p>No ser\u00e1 f\u00e1cil convencer a la ciudadan\u00eda que tiene que darle respaldo al libertario presidente, que aguante, cuando la caja y la vida de los argentinos pasar\u00e1 en gran medida por personajes como Caputo. Pretender que a Milei le vaya bien. No necesariamente debe partir del silencio comunicacional sobre los que jugar\u00e1n con nuestro futuro. Ojo con eso. \u00a0<\/p>\n\n\n\n<p>Lo peor, es que el grado de paciencia y tolerancia social se encuentra que aquellos responsables de esta hecatombe econ\u00f3mica, pol\u00edtica y social, no solo no se hacen garantes y mucho menos la Ley los molesta. <\/p>\n\n\n\n<p>Adem\u00e1s, es evidente que un sector importante del kirchnerismo y los que se llaman de izquierda, ya comienzan a atrincherarse en funci\u00f3n de desmantelar lo m\u00e1s r\u00e1pido posible toda acci\u00f3n de gobierno. Y tales tareas no la piensan hacer precisamente desde el di\u00e1logo democr\u00e1tico.<\/p>\n\n\n\n<p><strong>La complacencia de los tiempos<\/strong><\/p>\n\n\n\n<p>Ser\u00e1 disposici\u00f3n de cada argentino que piensa en el futuro con mirada alentadora, el decir basta a un populismo artero e insidioso que constitucionalmente finge que aqu\u00ed no pas\u00f3 nada. \u00bfSe ir\u00e1n de verdad o solo retroceder\u00e1n para volver avanzar? Ser\u00eda fant\u00e1stico, por encima de las valoraciones que se deba \u201cpagar\u201d, que a Milei le fuese bien. Voluntad que no es f\u00e1cil trasladar en el tiempo y en las acciones a toda una Naci\u00f3n. <\/p>\n\n\n\n<p>Hoy, en un reportaje radial de Mitre C\u00f3rdoba, dec\u00eda un antiguo funcionario del Sal\u00f3n Oval de la Casa Blanca, aludiendo a Milei que \u201cEs posible que el pueblo apoye hasta el segundo semestre del pr\u00f3ximo a\u00f1o, de ah\u00ed en m\u00e1s, toda confianza se gasta y la tolerancia se transforma en rechazo\u201d. \u00a0<\/p>\n\n\n\n<p>Si Caputo es una notoria inc\u00f3gnita, no menos desconfianzas es la que brindan los muchos de aquellos que hoy le juran lealtad eterna al nuevo mandatario\u2026 La realidad da temor, pero tambi\u00e9n la incertidumbre que promueven quienes maniobran acelerando el fracaso. En el medio, un pa\u00eds que va soportando d\u00eda a d\u00eda las expectativas y certidumbres siempre angustiosas\u2026 Todo es espera. \u00a0<\/p>\n","protected":false},"excerpt":{"rendered":"<p>Nuevo gobierno. Luchar para que Milei sea exitoso\u2026 Escribe: Miguel Andreis. Extra\u00f1o clima social. Incierto y atemorizador. El pa\u00eds atraviesa uno de los momentos m\u00e1s vacilantes y robadores de sue\u00f1os, en cuanto al futuro. La realidad es un camino minado por funcionarios que est\u00e1n camino a la retirada en todos los \u00f3rdenes, que no les [&hellip;]<\/p>\n","protected":false},"author":3,"featured_media":2616,"comment_status":"open","ping_status":"open","sticky":false,"template":"","format":"standard","meta":{"_jetpack_memberships_contains_paid_content":false,"footnotes":""},"categories":[6],"tags":[156,446],"class_list":["post-2615","post","type-post","status-publish","format-standard","has-post-thumbnail","hentry","category-articulos","tag-andreis","tag-caputo"],"yoast_head":"<!-- This site is optimized with the Yoast SEO plugin v27.5 - https:\/\/yoast.com\/product\/yoast-seo-wordpress\/ -->\n<title>\u00bfY de Caputo cu\u00e1ndo hablamos? - Miguel Andreis<\/title>\n<meta name=\"robots\" content=\"index, follow, max-snippet:-1, max-image-preview:large, max-video-preview:-1\" \/>\n<link rel=\"canonical\" href=\"http:\/\/miguelandreis.com.ar\/opinion\/y-de-caputo-cuando-hablamos\/\" \/>\n<meta property=\"og:locale\" content=\"es_ES\" \/>\n<meta property=\"og:type\" content=\"article\" \/>\n<meta property=\"og:title\" content=\"\u00bfY de Caputo cu\u00e1ndo hablamos? - Miguel Andreis\" \/>\n<meta property=\"og:description\" content=\"Nuevo gobierno. Luchar para que Milei sea exitoso\u2026 Escribe: Miguel Andreis. Extra\u00f1o clima social. Incierto y atemorizador. El pa\u00eds atraviesa uno de los momentos m\u00e1s vacilantes y robadores de sue\u00f1os, en cuanto al futuro. La realidad es un camino minado por funcionarios que est\u00e1n camino a la retirada en todos los \u00f3rdenes, que no les [&hellip;]\" \/>\n<meta property=\"og:url\" content=\"http:\/\/miguelandreis.com.ar\/opinion\/y-de-caputo-cuando-hablamos\/\" \/>\n<meta property=\"og:site_name\" content=\"Miguel Andreis\" \/>\n<meta property=\"article:publisher\" content=\"https:\/\/www.facebook.com\/andreismiguel\/\" \/>\n<meta property=\"article:author\" content=\"https:\/\/www.facebook.com\/andreismiguel\" \/>\n<meta property=\"article:published_time\" content=\"2023-12-01T23:14:16+00:00\" \/>\n<meta property=\"article:modified_time\" content=\"2023-12-01T23:14:23+00:00\" \/>\n<meta property=\"og:image\" content=\"http:\/\/miguelandreis.com.ar\/opinion\/wp-content\/uploads\/2023\/12\/en2.jpg\" \/>\n\t<meta property=\"og:image:width\" content=\"861\" \/>\n\t<meta property=\"og:image:height\" content=\"331\" \/>\n\t<meta property=\"og:image:type\" content=\"image\/jpeg\" \/>\n<meta name=\"author\" content=\"Miguel Andreis\" \/>\n<meta name=\"twitter:card\" content=\"summary_large_image\" \/>\n<meta name=\"twitter:creator\" content=\"@MiguelAndreis2\" \/>\n<meta name=\"twitter:site\" content=\"@MiguelAndreis2\" \/>\n<meta name=\"twitter:label1\" content=\"Escrito por\" \/>\n\t<meta name=\"twitter:data1\" content=\"Miguel Andreis\" \/>\n\t<meta name=\"twitter:label2\" content=\"Tiempo de lectura\" \/>\n\t<meta name=\"twitter:data2\" content=\"5 minutos\" \/>\n<script type=\"application\/ld+json\" class=\"yoast-schema-graph\">{\"@context\":\"https:\\\/\\\/schema.org\",\"@graph\":[{\"@type\":\"Article\",\"@id\":\"http:\\\/\\\/miguelandreis.com.ar\\\/opinion\\\/y-de-caputo-cuando-hablamos\\\/#article\",\"isPartOf\":{\"@id\":\"http:\\\/\\\/miguelandreis.com.ar\\\/opinion\\\/y-de-caputo-cuando-hablamos\\\/\"},\"author\":{\"name\":\"Miguel Andreis\",\"@id\":\"https:\\\/\\\/miguelandreis.com.ar\\\/opinion\\\/#\\\/schema\\\/person\\\/dc37258cc42cc1a978b42c2bd6ead618\"},\"headline\":\"\u00bfY de Caputo cu\u00e1ndo hablamos?\",\"datePublished\":\"2023-12-01T23:14:16+00:00\",\"dateModified\":\"2023-12-01T23:14:23+00:00\",\"mainEntityOfPage\":{\"@id\":\"http:\\\/\\\/miguelandreis.com.ar\\\/opinion\\\/y-de-caputo-cuando-hablamos\\\/\"},\"wordCount\":1113,\"commentCount\":0,\"publisher\":{\"@id\":\"https:\\\/\\\/miguelandreis.com.ar\\\/opinion\\\/#organization\"},\"image\":{\"@id\":\"http:\\\/\\\/miguelandreis.com.ar\\\/opinion\\\/y-de-caputo-cuando-hablamos\\\/#primaryimage\"},\"thumbnailUrl\":\"https:\\\/\\\/miguelandreis.com.ar\\\/opinion\\\/wp-content\\\/uploads\\\/2023\\\/12\\\/en2.jpg\",\"keywords\":[\"Andreis\",\"caputo\"],\"articleSection\":[\"Articulos\"],\"inLanguage\":\"es\",\"potentialAction\":[{\"@type\":\"CommentAction\",\"name\":\"Comment\",\"target\":[\"http:\\\/\\\/miguelandreis.com.ar\\\/opinion\\\/y-de-caputo-cuando-hablamos\\\/#respond\"]}]},{\"@type\":\"WebPage\",\"@id\":\"http:\\\/\\\/miguelandreis.com.ar\\\/opinion\\\/y-de-caputo-cuando-hablamos\\\/\",\"url\":\"http:\\\/\\\/miguelandreis.com.ar\\\/opinion\\\/y-de-caputo-cuando-hablamos\\\/\",\"name\":\"\u00bfY de Caputo cu\u00e1ndo hablamos? - Miguel Andreis\",\"isPartOf\":{\"@id\":\"https:\\\/\\\/miguelandreis.com.ar\\\/opinion\\\/#website\"},\"primaryImageOfPage\":{\"@id\":\"http:\\\/\\\/miguelandreis.com.ar\\\/opinion\\\/y-de-caputo-cuando-hablamos\\\/#primaryimage\"},\"image\":{\"@id\":\"http:\\\/\\\/miguelandreis.com.ar\\\/opinion\\\/y-de-caputo-cuando-hablamos\\\/#primaryimage\"},\"thumbnailUrl\":\"https:\\\/\\\/miguelandreis.com.ar\\\/opinion\\\/wp-content\\\/uploads\\\/2023\\\/12\\\/en2.jpg\",\"datePublished\":\"2023-12-01T23:14:16+00:00\",\"dateModified\":\"2023-12-01T23:14:23+00:00\",\"inLanguage\":\"es\",\"potentialAction\":[{\"@type\":\"ReadAction\",\"target\":[\"http:\\\/\\\/miguelandreis.com.ar\\\/opinion\\\/y-de-caputo-cuando-hablamos\\\/\"]}]},{\"@type\":\"ImageObject\",\"inLanguage\":\"es\",\"@id\":\"http:\\\/\\\/miguelandreis.com.ar\\\/opinion\\\/y-de-caputo-cuando-hablamos\\\/#primaryimage\",\"url\":\"https:\\\/\\\/miguelandreis.com.ar\\\/opinion\\\/wp-content\\\/uploads\\\/2023\\\/12\\\/en2.jpg\",\"contentUrl\":\"https:\\\/\\\/miguelandreis.com.ar\\\/opinion\\\/wp-content\\\/uploads\\\/2023\\\/12\\\/en2.jpg\",\"width\":861,\"height\":331},{\"@type\":\"WebSite\",\"@id\":\"https:\\\/\\\/miguelandreis.com.ar\\\/opinion\\\/#website\",\"url\":\"https:\\\/\\\/miguelandreis.com.ar\\\/opinion\\\/\",\"name\":\"Miguel Andreis\",\"description\":\"\",\"publisher\":{\"@id\":\"https:\\\/\\\/miguelandreis.com.ar\\\/opinion\\\/#organization\"},\"potentialAction\":[{\"@type\":\"SearchAction\",\"target\":{\"@type\":\"EntryPoint\",\"urlTemplate\":\"https:\\\/\\\/miguelandreis.com.ar\\\/opinion\\\/?s={search_term_string}\"},\"query-input\":{\"@type\":\"PropertyValueSpecification\",\"valueRequired\":true,\"valueName\":\"search_term_string\"}}],\"inLanguage\":\"es\"},{\"@type\":\"Organization\",\"@id\":\"https:\\\/\\\/miguelandreis.com.ar\\\/opinion\\\/#organization\",\"name\":\"Miguel Andreis\",\"url\":\"https:\\\/\\\/miguelandreis.com.ar\\\/opinion\\\/\",\"logo\":{\"@type\":\"ImageObject\",\"inLanguage\":\"es\",\"@id\":\"https:\\\/\\\/miguelandreis.com.ar\\\/opinion\\\/#\\\/schema\\\/logo\\\/image\\\/\",\"url\":\"https:\\\/\\\/miguelandreis.com.ar\\\/opinion\\\/wp-content\\\/uploads\\\/2020\\\/08\\\/cropped-logoAndreis.png\",\"contentUrl\":\"https:\\\/\\\/miguelandreis.com.ar\\\/opinion\\\/wp-content\\\/uploads\\\/2020\\\/08\\\/cropped-logoAndreis.png\",\"width\":234,\"height\":72,\"caption\":\"Miguel Andreis\"},\"image\":{\"@id\":\"https:\\\/\\\/miguelandreis.com.ar\\\/opinion\\\/#\\\/schema\\\/logo\\\/image\\\/\"},\"sameAs\":[\"https:\\\/\\\/www.facebook.com\\\/andreismiguel\\\/\",\"https:\\\/\\\/x.com\\\/MiguelAndreis2\"]},{\"@type\":\"Person\",\"@id\":\"https:\\\/\\\/miguelandreis.com.ar\\\/opinion\\\/#\\\/schema\\\/person\\\/dc37258cc42cc1a978b42c2bd6ead618\",\"name\":\"Miguel Andreis\",\"image\":{\"@type\":\"ImageObject\",\"inLanguage\":\"es\",\"@id\":\"https:\\\/\\\/secure.gravatar.com\\\/avatar\\\/c643381cd03da38327c6407e6886e7182d881f2ecf94a7902ca262c41f9d8884?s=96&d=mm&r=g\",\"url\":\"https:\\\/\\\/secure.gravatar.com\\\/avatar\\\/c643381cd03da38327c6407e6886e7182d881f2ecf94a7902ca262c41f9d8884?s=96&d=mm&r=g\",\"contentUrl\":\"https:\\\/\\\/secure.gravatar.com\\\/avatar\\\/c643381cd03da38327c6407e6886e7182d881f2ecf94a7902ca262c41f9d8884?s=96&d=mm&r=g\",\"caption\":\"Miguel Andreis\"},\"sameAs\":[\"http:\\\/\\\/miguelandreis.com.ar\\\/opinion\\\/\",\"https:\\\/\\\/www.facebook.com\\\/andreismiguel\"],\"url\":\"https:\\\/\\\/miguelandreis.com.ar\\\/opinion\\\/author\\\/miguel_andreis\\\/\"}]}<\/script>\n<!-- \/ Yoast SEO plugin. -->","yoast_head_json":{"title":"\u00bfY de Caputo cu\u00e1ndo hablamos? - Miguel Andreis","robots":{"index":"index","follow":"follow","max-snippet":"max-snippet:-1","max-image-preview":"max-image-preview:large","max-video-preview":"max-video-preview:-1"},"canonical":"http:\/\/miguelandreis.com.ar\/opinion\/y-de-caputo-cuando-hablamos\/","og_locale":"es_ES","og_type":"article","og_title":"\u00bfY de Caputo cu\u00e1ndo hablamos? - Miguel Andreis","og_description":"Nuevo gobierno. Luchar para que Milei sea exitoso\u2026 Escribe: Miguel Andreis. Extra\u00f1o clima social. Incierto y atemorizador. El pa\u00eds atraviesa uno de los momentos m\u00e1s vacilantes y robadores de sue\u00f1os, en cuanto al futuro. La realidad es un camino minado por funcionarios que est\u00e1n camino a la retirada en todos los \u00f3rdenes, que no les [&hellip;]","og_url":"http:\/\/miguelandreis.com.ar\/opinion\/y-de-caputo-cuando-hablamos\/","og_site_name":"Miguel Andreis","article_publisher":"https:\/\/www.facebook.com\/andreismiguel\/","article_author":"https:\/\/www.facebook.com\/andreismiguel","article_published_time":"2023-12-01T23:14:16+00:00","article_modified_time":"2023-12-01T23:14:23+00:00","og_image":[{"width":861,"height":331,"url":"http:\/\/miguelandreis.com.ar\/opinion\/wp-content\/uploads\/2023\/12\/en2.jpg","type":"image\/jpeg"}],"author":"Miguel Andreis","twitter_card":"summary_large_image","twitter_creator":"@MiguelAndreis2","twitter_site":"@MiguelAndreis2","twitter_misc":{"Escrito por":"Miguel Andreis","Tiempo de lectura":"5 minutos"},"schema":{"@context":"https:\/\/schema.org","@graph":[{"@type":"Article","@id":"http:\/\/miguelandreis.com.ar\/opinion\/y-de-caputo-cuando-hablamos\/#article","isPartOf":{"@id":"http:\/\/miguelandreis.com.ar\/opinion\/y-de-caputo-cuando-hablamos\/"},"author":{"name":"Miguel Andreis","@id":"https:\/\/miguelandreis.com.ar\/opinion\/#\/schema\/person\/dc37258cc42cc1a978b42c2bd6ead618"},"headline":"\u00bfY de Caputo cu\u00e1ndo hablamos?","datePublished":"2023-12-01T23:14:16+00:00","dateModified":"2023-12-01T23:14:23+00:00","mainEntityOfPage":{"@id":"http:\/\/miguelandreis.com.ar\/opinion\/y-de-caputo-cuando-hablamos\/"},"wordCount":1113,"commentCount":0,"publisher":{"@id":"https:\/\/miguelandreis.com.ar\/opinion\/#organization"},"image":{"@id":"http:\/\/miguelandreis.com.ar\/opinion\/y-de-caputo-cuando-hablamos\/#primaryimage"},"thumbnailUrl":"https:\/\/miguelandreis.com.ar\/opinion\/wp-content\/uploads\/2023\/12\/en2.jpg","keywords":["Andreis","caputo"],"articleSection":["Articulos"],"inLanguage":"es","potentialAction":[{"@type":"CommentAction","name":"Comment","target":["http:\/\/miguelandreis.com.ar\/opinion\/y-de-caputo-cuando-hablamos\/#respond"]}]},{"@type":"WebPage","@id":"http:\/\/miguelandreis.com.ar\/opinion\/y-de-caputo-cuando-hablamos\/","url":"http:\/\/miguelandreis.com.ar\/opinion\/y-de-caputo-cuando-hablamos\/","name":"\u00bfY de Caputo cu\u00e1ndo hablamos? - Miguel Andreis","isPartOf":{"@id":"https:\/\/miguelandreis.com.ar\/opinion\/#website"},"primaryImageOfPage":{"@id":"http:\/\/miguelandreis.com.ar\/opinion\/y-de-caputo-cuando-hablamos\/#primaryimage"},"image":{"@id":"http:\/\/miguelandreis.com.ar\/opinion\/y-de-caputo-cuando-hablamos\/#primaryimage"},"thumbnailUrl":"https:\/\/miguelandreis.com.ar\/opinion\/wp-content\/uploads\/2023\/12\/en2.jpg","datePublished":"2023-12-01T23:14:16+00:00","dateModified":"2023-12-01T23:14:23+00:00","inLanguage":"es","potentialAction":[{"@type":"ReadAction","target":["http:\/\/miguelandreis.com.ar\/opinion\/y-de-caputo-cuando-hablamos\/"]}]},{"@type":"ImageObject","inLanguage":"es","@id":"http:\/\/miguelandreis.com.ar\/opinion\/y-de-caputo-cuando-hablamos\/#primaryimage","url":"https:\/\/miguelandreis.com.ar\/opinion\/wp-content\/uploads\/2023\/12\/en2.jpg","contentUrl":"https:\/\/miguelandreis.com.ar\/opinion\/wp-content\/uploads\/2023\/12\/en2.jpg","width":861,"height":331},{"@type":"WebSite","@id":"https:\/\/miguelandreis.com.ar\/opinion\/#website","url":"https:\/\/miguelandreis.com.ar\/opinion\/","name":"Miguel Andreis","description":"","publisher":{"@id":"https:\/\/miguelandreis.com.ar\/opinion\/#organization"},"potentialAction":[{"@type":"SearchAction","target":{"@type":"EntryPoint","urlTemplate":"https:\/\/miguelandreis.com.ar\/opinion\/?s={search_term_string}"},"query-input":{"@type":"PropertyValueSpecification","valueRequired":true,"valueName":"search_term_string"}}],"inLanguage":"es"},{"@type":"Organization","@id":"https:\/\/miguelandreis.com.ar\/opinion\/#organization","name":"Miguel Andreis","url":"https:\/\/miguelandreis.com.ar\/opinion\/","logo":{"@type":"ImageObject","inLanguage":"es","@id":"https:\/\/miguelandreis.com.ar\/opinion\/#\/schema\/logo\/image\/","url":"https:\/\/miguelandreis.com.ar\/opinion\/wp-content\/uploads\/2020\/08\/cropped-logoAndreis.png","contentUrl":"https:\/\/miguelandreis.com.ar\/opinion\/wp-content\/uploads\/2020\/08\/cropped-logoAndreis.png","width":234,"height":72,"caption":"Miguel Andreis"},"image":{"@id":"https:\/\/miguelandreis.com.ar\/opinion\/#\/schema\/logo\/image\/"},"sameAs":["https:\/\/www.facebook.com\/andreismiguel\/","https:\/\/x.com\/MiguelAndreis2"]},{"@type":"Person","@id":"https:\/\/miguelandreis.com.ar\/opinion\/#\/schema\/person\/dc37258cc42cc1a978b42c2bd6ead618","name":"Miguel Andreis","image":{"@type":"ImageObject","inLanguage":"es","@id":"https:\/\/secure.gravatar.com\/avatar\/c643381cd03da38327c6407e6886e7182d881f2ecf94a7902ca262c41f9d8884?s=96&d=mm&r=g","url":"https:\/\/secure.gravatar.com\/avatar\/c643381cd03da38327c6407e6886e7182d881f2ecf94a7902ca262c41f9d8884?s=96&d=mm&r=g","contentUrl":"https:\/\/secure.gravatar.com\/avatar\/c643381cd03da38327c6407e6886e7182d881f2ecf94a7902ca262c41f9d8884?s=96&d=mm&r=g","caption":"Miguel Andreis"},"sameAs":["http:\/\/miguelandreis.com.ar\/opinion\/","https:\/\/www.facebook.com\/andreismiguel"],"url":"https:\/\/miguelandreis.com.ar\/opinion\/author\/miguel_andreis\/"}]}},"jetpack_featured_media_url":"https:\/\/miguelandreis.com.ar\/opinion\/wp-content\/uploads\/2023\/12\/en2.jpg","jetpack_sharing_enabled":true,"_links":{"self":[{"href":"https:\/\/miguelandreis.com.ar\/opinion\/wp-json\/wp\/v2\/posts\/2615","targetHints":{"allow":["GET"]}}],"collection":[{"href":"https:\/\/miguelandreis.com.ar\/opinion\/wp-json\/wp\/v2\/posts"}],"about":[{"href":"https:\/\/miguelandreis.com.ar\/opinion\/wp-json\/wp\/v2\/types\/post"}],"author":[{"embeddable":true,"href":"https:\/\/miguelandreis.com.ar\/opinion\/wp-json\/wp\/v2\/users\/3"}],"replies":[{"embeddable":true,"href":"https:\/\/miguelandreis.com.ar\/opinion\/wp-json\/wp\/v2\/comments?post=2615"}],"version-history":[{"count":1,"href":"https:\/\/miguelandreis.com.ar\/opinion\/wp-json\/wp\/v2\/posts\/2615\/revisions"}],"predecessor-version":[{"id":2617,"href":"https:\/\/miguelandreis.com.ar\/opinion\/wp-json\/wp\/v2\/posts\/2615\/revisions\/2617"}],"wp:featuredmedia":[{"embeddable":true,"href":"https:\/\/miguelandreis.com.ar\/opinion\/wp-json\/wp\/v2\/media\/2616"}],"wp:attachment":[{"href":"https:\/\/miguelandreis.com.ar\/opinion\/wp-json\/wp\/v2\/media?parent=2615"}],"wp:term":[{"taxonomy":"category","embeddable":true,"href":"https:\/\/miguelandreis.com.ar\/opinion\/wp-json\/wp\/v2\/categories?post=2615"},{"taxonomy":"post_tag","embeddable":true,"href":"https:\/\/miguelandreis.com.ar\/opinion\/wp-json\/wp\/v2\/tags?post=2615"}],"curies":[{"name":"wp","href":"https:\/\/api.w.org\/{rel}","templated":true}]}}