{"id":2610,"date":"2023-12-01T22:04:51","date_gmt":"2023-12-01T22:04:51","guid":{"rendered":"https:\/\/miguelandreis.com.ar\/opinion\/?p=2610"},"modified":"2023-12-01T22:04:52","modified_gmt":"2023-12-01T22:04:52","slug":"por-primera-vez-declaran-a-un-hombre-como-victima-de-falsa-denuncia-por-violencia-de-genero","status":"publish","type":"post","link":"https:\/\/miguelandreis.com.ar\/opinion\/por-primera-vez-declaran-a-un-hombre-como-victima-de-falsa-denuncia-por-violencia-de-genero\/","title":{"rendered":"Por primera vez, declaran a un hombre como v\u00edctima de falsa denuncia por violencia de g\u00e9nero"},"content":{"rendered":"\n<h4 class=\"wp-block-heading\"><span style=\"color: rgb(68, 64, 65); font-family: &quot;Libre Franklin&quot;, sans-serif; white-space-collapse: collapse;\">En un hecho sin precedentes y que podr\u00eda ser el primero de muchos, el ex DT de la selecci\u00f3n de f\u00fatbol femenino, Diego Guacci, fue declarado por la Justicia civil como v\u00edctima de falsas denuncias, luego de que el comit\u00e9 de \u00c9tica de la FIFA lo liberara de culpas.<\/span><\/h4>\n\n\n\n<p><strong><em>Fuente: realpolitik.com.ar<\/em><\/strong><\/p>\n\n\n\n<p>El destacado entrenador de f\u00fatbol femenino, Diego Guacci\u00a0, fue denunciado a\u00f1os atr\u00e1s por varias jugadoras que lo se\u00f1alaban por conductas sexuales inapropiadas. Poco despu\u00e9s, el esc\u00e1ndalo deriv\u00f3 en que la FIFA\u00a0lo exonerara de su cargo y pas\u00f3 un tiempo hasta que el DT logr\u00f3 obtener un fallo favorable por falsas denuncias.<\/p>\n\n\n\n<p>As\u00ed se desprende del comit\u00e9 de \u00c9tica de la FIFA\u00a0que oportunamente no encontr\u00f3 fundamentos en los largos denunciados en mayo de 2021 por jugadoras de f\u00fatbol. Las mismas se\u00f1alaban que hab\u00edan sido acosadas sexualmente por\u00a0<strong>Guacci<\/strong>. Sin embargo, luego de hacerse de toda la documentaci\u00f3n y de reunir todas las pruebas, la organizaci\u00f3n internacional confirm\u00f3 que no hab\u00edan existido situaciones de acoso por parte del entrenador, sentando un precedente que ahora lleg\u00f3 a la Justicia civil.<\/p>\n\n\n\n<figure class=\"wp-block-image size-full\"><a href=\"https:\/\/miguelandreis.com.ar\/opinion\/wp-content\/uploads\/2023\/12\/image.png\"><img fetchpriority=\"high\" decoding=\"async\" width=\"636\" height=\"944\" src=\"https:\/\/miguelandreis.com.ar\/opinion\/wp-content\/uploads\/2023\/12\/image.png\" alt=\"\" class=\"wp-image-2611\" srcset=\"https:\/\/miguelandreis.com.ar\/opinion\/wp-content\/uploads\/2023\/12\/image.png 636w, https:\/\/miguelandreis.com.ar\/opinion\/wp-content\/uploads\/2023\/12\/image-202x300.png 202w\" sizes=\"(max-width: 636px) 100vw, 636px\" \/><\/a><\/figure>\n\n\n\n<p>Una resoluci\u00f3n del juzgado civil Nro. 55 dio lugar a la iniciativa legal propiciada por&nbsp;<strong>Guacci<\/strong>&nbsp;contra sus denunciantes por falsas denuncias. El entrenador hab\u00eda ca\u00eddo en desgracia luego de tales acusaciones, pero la tarea de la Justicia promete reabrirle el camino y promover que otras v\u00edctimas de este tipo de maniobras puedan ser escuchadas.<\/p>\n\n\n\n<p>En el c\u00edrculo del entrenador destacan la importancia de esta resoluci\u00f3n judicial sin antecedentes, ya que significa que otros damnificados podr\u00e1n empezar a hacer juicios por falsas denuncias y ser reconocidos como tal, especialmente en casos de difamaci\u00f3n o viralizaci\u00f3n de noticias falsas.<\/p>\n\n\n\n<p><section id=\"galeria-noticia\" class=\"\" style=\"box-sizing: border-box; color: rgb(68, 64, 65); font-family: &quot;Libre Franklin&quot;, sans-serif; font-size: 16px; white-space-collapse: collapse;\"><div class=\"bx-wrapper\" style=\"box-sizing: border-box; position: relative; margin: 0px auto; padding: 0px; text-align: right; overflow: hidden; max-width: 100%;\"><div class=\"bx-viewport\" style=\"box-sizing: border-box; left: 0px; transform: translateZ(0px); width: 880.203px; overflow: hidden; position: relative; height: 495px;\"><ul class=\"\" style=\"margin: 0px; padding: 0px; list-style-type: none; width: 2772.62px; position: relative; left: -880px;\"><\/ul><\/div><\/div><\/section><\/p>\n","protected":false},"excerpt":{"rendered":"<p>En un hecho sin precedentes y que podr\u00eda ser el primero de muchos, el ex DT de la selecci\u00f3n de f\u00fatbol femenino, Diego Guacci, fue declarado por la Justicia civil como v\u00edctima de falsas denuncias, luego de que el comit\u00e9 de \u00c9tica de la FIFA lo liberara de culpas. Fuente: realpolitik.com.ar El destacado entrenador de [&hellip;]<\/p>\n","protected":false},"author":3,"featured_media":2613,"comment_status":"open","ping_status":"open","sticky":false,"template":"","format":"standard","meta":{"_jetpack_memberships_contains_paid_content":false,"footnotes":""},"categories":[103],"tags":[408],"class_list":["post-2610","post","type-post","status-publish","format-standard","has-post-thumbnail","hentry","category-otras-plumas","tag-violencia-genero"],"yoast_head":"<!-- This site is optimized with the Yoast SEO plugin v27.5 - https:\/\/yoast.com\/product\/yoast-seo-wordpress\/ -->\n<title>Por primera vez, declaran a un hombre como v\u00edctima de falsa denuncia por violencia de g\u00e9nero - Miguel Andreis<\/title>\n<meta name=\"robots\" content=\"index, follow, max-snippet:-1, max-image-preview:large, max-video-preview:-1\" \/>\n<link rel=\"canonical\" href=\"http:\/\/miguelandreis.com.ar\/opinion\/por-primera-vez-declaran-a-un-hombre-como-victima-de-falsa-denuncia-por-violencia-de-genero\/\" \/>\n<meta property=\"og:locale\" content=\"es_ES\" \/>\n<meta property=\"og:type\" content=\"article\" \/>\n<meta property=\"og:title\" content=\"Por primera vez, declaran a un hombre como v\u00edctima de falsa denuncia por violencia de g\u00e9nero - Miguel Andreis\" \/>\n<meta property=\"og:description\" content=\"En un hecho sin precedentes y que podr\u00eda ser el primero de muchos, el ex DT de la selecci\u00f3n de f\u00fatbol femenino, Diego Guacci, fue declarado por la Justicia civil como v\u00edctima de falsas denuncias, luego de que el comit\u00e9 de \u00c9tica de la FIFA lo liberara de culpas. Fuente: realpolitik.com.ar El destacado entrenador de [&hellip;]\" \/>\n<meta property=\"og:url\" content=\"http:\/\/miguelandreis.com.ar\/opinion\/por-primera-vez-declaran-a-un-hombre-como-victima-de-falsa-denuncia-por-violencia-de-genero\/\" \/>\n<meta property=\"og:site_name\" content=\"Miguel Andreis\" \/>\n<meta property=\"article:publisher\" content=\"https:\/\/www.facebook.com\/andreismiguel\/\" \/>\n<meta property=\"article:author\" content=\"https:\/\/www.facebook.com\/andreismiguel\" \/>\n<meta property=\"article:published_time\" content=\"2023-12-01T22:04:51+00:00\" \/>\n<meta property=\"article:modified_time\" content=\"2023-12-01T22:04:52+00:00\" \/>\n<meta property=\"og:image\" content=\"http:\/\/miguelandreis.com.ar\/opinion\/wp-content\/uploads\/2023\/12\/en0.jpg\" \/>\n\t<meta property=\"og:image:width\" content=\"861\" \/>\n\t<meta property=\"og:image:height\" content=\"331\" \/>\n\t<meta property=\"og:image:type\" content=\"image\/jpeg\" \/>\n<meta name=\"author\" content=\"Miguel Andreis\" \/>\n<meta name=\"twitter:card\" content=\"summary_large_image\" \/>\n<meta name=\"twitter:creator\" content=\"@MiguelAndreis2\" \/>\n<meta name=\"twitter:site\" content=\"@MiguelAndreis2\" \/>\n<meta name=\"twitter:label1\" content=\"Escrito por\" \/>\n\t<meta name=\"twitter:data1\" content=\"Miguel Andreis\" \/>\n\t<meta name=\"twitter:label2\" content=\"Tiempo de lectura\" \/>\n\t<meta name=\"twitter:data2\" content=\"2 minutos\" \/>\n<script type=\"application\/ld+json\" class=\"yoast-schema-graph\">{\"@context\":\"https:\\\/\\\/schema.org\",\"@graph\":[{\"@type\":\"Article\",\"@id\":\"http:\\\/\\\/miguelandreis.com.ar\\\/opinion\\\/por-primera-vez-declaran-a-un-hombre-como-victima-de-falsa-denuncia-por-violencia-de-genero\\\/#article\",\"isPartOf\":{\"@id\":\"http:\\\/\\\/miguelandreis.com.ar\\\/opinion\\\/por-primera-vez-declaran-a-un-hombre-como-victima-de-falsa-denuncia-por-violencia-de-genero\\\/\"},\"author\":{\"name\":\"Miguel Andreis\",\"@id\":\"https:\\\/\\\/miguelandreis.com.ar\\\/opinion\\\/#\\\/schema\\\/person\\\/dc37258cc42cc1a978b42c2bd6ead618\"},\"headline\":\"Por primera vez, declaran a un hombre como v\u00edctima de falsa denuncia por violencia de g\u00e9nero\",\"datePublished\":\"2023-12-01T22:04:51+00:00\",\"dateModified\":\"2023-12-01T22:04:52+00:00\",\"mainEntityOfPage\":{\"@id\":\"http:\\\/\\\/miguelandreis.com.ar\\\/opinion\\\/por-primera-vez-declaran-a-un-hombre-como-victima-de-falsa-denuncia-por-violencia-de-genero\\\/\"},\"wordCount\":323,\"commentCount\":0,\"publisher\":{\"@id\":\"https:\\\/\\\/miguelandreis.com.ar\\\/opinion\\\/#organization\"},\"image\":{\"@id\":\"http:\\\/\\\/miguelandreis.com.ar\\\/opinion\\\/por-primera-vez-declaran-a-un-hombre-como-victima-de-falsa-denuncia-por-violencia-de-genero\\\/#primaryimage\"},\"thumbnailUrl\":\"https:\\\/\\\/miguelandreis.com.ar\\\/opinion\\\/wp-content\\\/uploads\\\/2023\\\/12\\\/en0.jpg\",\"keywords\":[\"violencia genero\"],\"articleSection\":[\"Otras Plumas\"],\"inLanguage\":\"es\",\"potentialAction\":[{\"@type\":\"CommentAction\",\"name\":\"Comment\",\"target\":[\"http:\\\/\\\/miguelandreis.com.ar\\\/opinion\\\/por-primera-vez-declaran-a-un-hombre-como-victima-de-falsa-denuncia-por-violencia-de-genero\\\/#respond\"]}]},{\"@type\":\"WebPage\",\"@id\":\"http:\\\/\\\/miguelandreis.com.ar\\\/opinion\\\/por-primera-vez-declaran-a-un-hombre-como-victima-de-falsa-denuncia-por-violencia-de-genero\\\/\",\"url\":\"http:\\\/\\\/miguelandreis.com.ar\\\/opinion\\\/por-primera-vez-declaran-a-un-hombre-como-victima-de-falsa-denuncia-por-violencia-de-genero\\\/\",\"name\":\"Por primera vez, declaran a un hombre como v\u00edctima de falsa denuncia por violencia de g\u00e9nero - Miguel Andreis\",\"isPartOf\":{\"@id\":\"https:\\\/\\\/miguelandreis.com.ar\\\/opinion\\\/#website\"},\"primaryImageOfPage\":{\"@id\":\"http:\\\/\\\/miguelandreis.com.ar\\\/opinion\\\/por-primera-vez-declaran-a-un-hombre-como-victima-de-falsa-denuncia-por-violencia-de-genero\\\/#primaryimage\"},\"image\":{\"@id\":\"http:\\\/\\\/miguelandreis.com.ar\\\/opinion\\\/por-primera-vez-declaran-a-un-hombre-como-victima-de-falsa-denuncia-por-violencia-de-genero\\\/#primaryimage\"},\"thumbnailUrl\":\"https:\\\/\\\/miguelandreis.com.ar\\\/opinion\\\/wp-content\\\/uploads\\\/2023\\\/12\\\/en0.jpg\",\"datePublished\":\"2023-12-01T22:04:51+00:00\",\"dateModified\":\"2023-12-01T22:04:52+00:00\",\"inLanguage\":\"es\",\"potentialAction\":[{\"@type\":\"ReadAction\",\"target\":[\"http:\\\/\\\/miguelandreis.com.ar\\\/opinion\\\/por-primera-vez-declaran-a-un-hombre-como-victima-de-falsa-denuncia-por-violencia-de-genero\\\/\"]}]},{\"@type\":\"ImageObject\",\"inLanguage\":\"es\",\"@id\":\"http:\\\/\\\/miguelandreis.com.ar\\\/opinion\\\/por-primera-vez-declaran-a-un-hombre-como-victima-de-falsa-denuncia-por-violencia-de-genero\\\/#primaryimage\",\"url\":\"https:\\\/\\\/miguelandreis.com.ar\\\/opinion\\\/wp-content\\\/uploads\\\/2023\\\/12\\\/en0.jpg\",\"contentUrl\":\"https:\\\/\\\/miguelandreis.com.ar\\\/opinion\\\/wp-content\\\/uploads\\\/2023\\\/12\\\/en0.jpg\",\"width\":861,\"height\":331},{\"@type\":\"WebSite\",\"@id\":\"https:\\\/\\\/miguelandreis.com.ar\\\/opinion\\\/#website\",\"url\":\"https:\\\/\\\/miguelandreis.com.ar\\\/opinion\\\/\",\"name\":\"Miguel Andreis\",\"description\":\"\",\"publisher\":{\"@id\":\"https:\\\/\\\/miguelandreis.com.ar\\\/opinion\\\/#organization\"},\"potentialAction\":[{\"@type\":\"SearchAction\",\"target\":{\"@type\":\"EntryPoint\",\"urlTemplate\":\"https:\\\/\\\/miguelandreis.com.ar\\\/opinion\\\/?s={search_term_string}\"},\"query-input\":{\"@type\":\"PropertyValueSpecification\",\"valueRequired\":true,\"valueName\":\"search_term_string\"}}],\"inLanguage\":\"es\"},{\"@type\":\"Organization\",\"@id\":\"https:\\\/\\\/miguelandreis.com.ar\\\/opinion\\\/#organization\",\"name\":\"Miguel Andreis\",\"url\":\"https:\\\/\\\/miguelandreis.com.ar\\\/opinion\\\/\",\"logo\":{\"@type\":\"ImageObject\",\"inLanguage\":\"es\",\"@id\":\"https:\\\/\\\/miguelandreis.com.ar\\\/opinion\\\/#\\\/schema\\\/logo\\\/image\\\/\",\"url\":\"https:\\\/\\\/miguelandreis.com.ar\\\/opinion\\\/wp-content\\\/uploads\\\/2020\\\/08\\\/cropped-logoAndreis.png\",\"contentUrl\":\"https:\\\/\\\/miguelandreis.com.ar\\\/opinion\\\/wp-content\\\/uploads\\\/2020\\\/08\\\/cropped-logoAndreis.png\",\"width\":234,\"height\":72,\"caption\":\"Miguel Andreis\"},\"image\":{\"@id\":\"https:\\\/\\\/miguelandreis.com.ar\\\/opinion\\\/#\\\/schema\\\/logo\\\/image\\\/\"},\"sameAs\":[\"https:\\\/\\\/www.facebook.com\\\/andreismiguel\\\/\",\"https:\\\/\\\/x.com\\\/MiguelAndreis2\"]},{\"@type\":\"Person\",\"@id\":\"https:\\\/\\\/miguelandreis.com.ar\\\/opinion\\\/#\\\/schema\\\/person\\\/dc37258cc42cc1a978b42c2bd6ead618\",\"name\":\"Miguel Andreis\",\"image\":{\"@type\":\"ImageObject\",\"inLanguage\":\"es\",\"@id\":\"https:\\\/\\\/secure.gravatar.com\\\/avatar\\\/c643381cd03da38327c6407e6886e7182d881f2ecf94a7902ca262c41f9d8884?s=96&d=mm&r=g\",\"url\":\"https:\\\/\\\/secure.gravatar.com\\\/avatar\\\/c643381cd03da38327c6407e6886e7182d881f2ecf94a7902ca262c41f9d8884?s=96&d=mm&r=g\",\"contentUrl\":\"https:\\\/\\\/secure.gravatar.com\\\/avatar\\\/c643381cd03da38327c6407e6886e7182d881f2ecf94a7902ca262c41f9d8884?s=96&d=mm&r=g\",\"caption\":\"Miguel Andreis\"},\"sameAs\":[\"http:\\\/\\\/miguelandreis.com.ar\\\/opinion\\\/\",\"https:\\\/\\\/www.facebook.com\\\/andreismiguel\"],\"url\":\"https:\\\/\\\/miguelandreis.com.ar\\\/opinion\\\/author\\\/miguel_andreis\\\/\"}]}<\/script>\n<!-- \/ Yoast SEO plugin. -->","yoast_head_json":{"title":"Por primera vez, declaran a un hombre como v\u00edctima de falsa denuncia por violencia de g\u00e9nero - Miguel Andreis","robots":{"index":"index","follow":"follow","max-snippet":"max-snippet:-1","max-image-preview":"max-image-preview:large","max-video-preview":"max-video-preview:-1"},"canonical":"http:\/\/miguelandreis.com.ar\/opinion\/por-primera-vez-declaran-a-un-hombre-como-victima-de-falsa-denuncia-por-violencia-de-genero\/","og_locale":"es_ES","og_type":"article","og_title":"Por primera vez, declaran a un hombre como v\u00edctima de falsa denuncia por violencia de g\u00e9nero - Miguel Andreis","og_description":"En un hecho sin precedentes y que podr\u00eda ser el primero de muchos, el ex DT de la selecci\u00f3n de f\u00fatbol femenino, Diego Guacci, fue declarado por la Justicia civil como v\u00edctima de falsas denuncias, luego de que el comit\u00e9 de \u00c9tica de la FIFA lo liberara de culpas. Fuente: realpolitik.com.ar El destacado entrenador de [&hellip;]","og_url":"http:\/\/miguelandreis.com.ar\/opinion\/por-primera-vez-declaran-a-un-hombre-como-victima-de-falsa-denuncia-por-violencia-de-genero\/","og_site_name":"Miguel Andreis","article_publisher":"https:\/\/www.facebook.com\/andreismiguel\/","article_author":"https:\/\/www.facebook.com\/andreismiguel","article_published_time":"2023-12-01T22:04:51+00:00","article_modified_time":"2023-12-01T22:04:52+00:00","og_image":[{"width":861,"height":331,"url":"http:\/\/miguelandreis.com.ar\/opinion\/wp-content\/uploads\/2023\/12\/en0.jpg","type":"image\/jpeg"}],"author":"Miguel Andreis","twitter_card":"summary_large_image","twitter_creator":"@MiguelAndreis2","twitter_site":"@MiguelAndreis2","twitter_misc":{"Escrito por":"Miguel Andreis","Tiempo de lectura":"2 minutos"},"schema":{"@context":"https:\/\/schema.org","@graph":[{"@type":"Article","@id":"http:\/\/miguelandreis.com.ar\/opinion\/por-primera-vez-declaran-a-un-hombre-como-victima-de-falsa-denuncia-por-violencia-de-genero\/#article","isPartOf":{"@id":"http:\/\/miguelandreis.com.ar\/opinion\/por-primera-vez-declaran-a-un-hombre-como-victima-de-falsa-denuncia-por-violencia-de-genero\/"},"author":{"name":"Miguel Andreis","@id":"https:\/\/miguelandreis.com.ar\/opinion\/#\/schema\/person\/dc37258cc42cc1a978b42c2bd6ead618"},"headline":"Por primera vez, declaran a un hombre como v\u00edctima de falsa denuncia por violencia de g\u00e9nero","datePublished":"2023-12-01T22:04:51+00:00","dateModified":"2023-12-01T22:04:52+00:00","mainEntityOfPage":{"@id":"http:\/\/miguelandreis.com.ar\/opinion\/por-primera-vez-declaran-a-un-hombre-como-victima-de-falsa-denuncia-por-violencia-de-genero\/"},"wordCount":323,"commentCount":0,"publisher":{"@id":"https:\/\/miguelandreis.com.ar\/opinion\/#organization"},"image":{"@id":"http:\/\/miguelandreis.com.ar\/opinion\/por-primera-vez-declaran-a-un-hombre-como-victima-de-falsa-denuncia-por-violencia-de-genero\/#primaryimage"},"thumbnailUrl":"https:\/\/miguelandreis.com.ar\/opinion\/wp-content\/uploads\/2023\/12\/en0.jpg","keywords":["violencia genero"],"articleSection":["Otras Plumas"],"inLanguage":"es","potentialAction":[{"@type":"CommentAction","name":"Comment","target":["http:\/\/miguelandreis.com.ar\/opinion\/por-primera-vez-declaran-a-un-hombre-como-victima-de-falsa-denuncia-por-violencia-de-genero\/#respond"]}]},{"@type":"WebPage","@id":"http:\/\/miguelandreis.com.ar\/opinion\/por-primera-vez-declaran-a-un-hombre-como-victima-de-falsa-denuncia-por-violencia-de-genero\/","url":"http:\/\/miguelandreis.com.ar\/opinion\/por-primera-vez-declaran-a-un-hombre-como-victima-de-falsa-denuncia-por-violencia-de-genero\/","name":"Por primera vez, declaran a un hombre como v\u00edctima de falsa denuncia por violencia de g\u00e9nero - Miguel Andreis","isPartOf":{"@id":"https:\/\/miguelandreis.com.ar\/opinion\/#website"},"primaryImageOfPage":{"@id":"http:\/\/miguelandreis.com.ar\/opinion\/por-primera-vez-declaran-a-un-hombre-como-victima-de-falsa-denuncia-por-violencia-de-genero\/#primaryimage"},"image":{"@id":"http:\/\/miguelandreis.com.ar\/opinion\/por-primera-vez-declaran-a-un-hombre-como-victima-de-falsa-denuncia-por-violencia-de-genero\/#primaryimage"},"thumbnailUrl":"https:\/\/miguelandreis.com.ar\/opinion\/wp-content\/uploads\/2023\/12\/en0.jpg","datePublished":"2023-12-01T22:04:51+00:00","dateModified":"2023-12-01T22:04:52+00:00","inLanguage":"es","potentialAction":[{"@type":"ReadAction","target":["http:\/\/miguelandreis.com.ar\/opinion\/por-primera-vez-declaran-a-un-hombre-como-victima-de-falsa-denuncia-por-violencia-de-genero\/"]}]},{"@type":"ImageObject","inLanguage":"es","@id":"http:\/\/miguelandreis.com.ar\/opinion\/por-primera-vez-declaran-a-un-hombre-como-victima-de-falsa-denuncia-por-violencia-de-genero\/#primaryimage","url":"https:\/\/miguelandreis.com.ar\/opinion\/wp-content\/uploads\/2023\/12\/en0.jpg","contentUrl":"https:\/\/miguelandreis.com.ar\/opinion\/wp-content\/uploads\/2023\/12\/en0.jpg","width":861,"height":331},{"@type":"WebSite","@id":"https:\/\/miguelandreis.com.ar\/opinion\/#website","url":"https:\/\/miguelandreis.com.ar\/opinion\/","name":"Miguel Andreis","description":"","publisher":{"@id":"https:\/\/miguelandreis.com.ar\/opinion\/#organization"},"potentialAction":[{"@type":"SearchAction","target":{"@type":"EntryPoint","urlTemplate":"https:\/\/miguelandreis.com.ar\/opinion\/?s={search_term_string}"},"query-input":{"@type":"PropertyValueSpecification","valueRequired":true,"valueName":"search_term_string"}}],"inLanguage":"es"},{"@type":"Organization","@id":"https:\/\/miguelandreis.com.ar\/opinion\/#organization","name":"Miguel Andreis","url":"https:\/\/miguelandreis.com.ar\/opinion\/","logo":{"@type":"ImageObject","inLanguage":"es","@id":"https:\/\/miguelandreis.com.ar\/opinion\/#\/schema\/logo\/image\/","url":"https:\/\/miguelandreis.com.ar\/opinion\/wp-content\/uploads\/2020\/08\/cropped-logoAndreis.png","contentUrl":"https:\/\/miguelandreis.com.ar\/opinion\/wp-content\/uploads\/2020\/08\/cropped-logoAndreis.png","width":234,"height":72,"caption":"Miguel Andreis"},"image":{"@id":"https:\/\/miguelandreis.com.ar\/opinion\/#\/schema\/logo\/image\/"},"sameAs":["https:\/\/www.facebook.com\/andreismiguel\/","https:\/\/x.com\/MiguelAndreis2"]},{"@type":"Person","@id":"https:\/\/miguelandreis.com.ar\/opinion\/#\/schema\/person\/dc37258cc42cc1a978b42c2bd6ead618","name":"Miguel Andreis","image":{"@type":"ImageObject","inLanguage":"es","@id":"https:\/\/secure.gravatar.com\/avatar\/c643381cd03da38327c6407e6886e7182d881f2ecf94a7902ca262c41f9d8884?s=96&d=mm&r=g","url":"https:\/\/secure.gravatar.com\/avatar\/c643381cd03da38327c6407e6886e7182d881f2ecf94a7902ca262c41f9d8884?s=96&d=mm&r=g","contentUrl":"https:\/\/secure.gravatar.com\/avatar\/c643381cd03da38327c6407e6886e7182d881f2ecf94a7902ca262c41f9d8884?s=96&d=mm&r=g","caption":"Miguel Andreis"},"sameAs":["http:\/\/miguelandreis.com.ar\/opinion\/","https:\/\/www.facebook.com\/andreismiguel"],"url":"https:\/\/miguelandreis.com.ar\/opinion\/author\/miguel_andreis\/"}]}},"jetpack_featured_media_url":"https:\/\/miguelandreis.com.ar\/opinion\/wp-content\/uploads\/2023\/12\/en0.jpg","jetpack_sharing_enabled":true,"_links":{"self":[{"href":"https:\/\/miguelandreis.com.ar\/opinion\/wp-json\/wp\/v2\/posts\/2610","targetHints":{"allow":["GET"]}}],"collection":[{"href":"https:\/\/miguelandreis.com.ar\/opinion\/wp-json\/wp\/v2\/posts"}],"about":[{"href":"https:\/\/miguelandreis.com.ar\/opinion\/wp-json\/wp\/v2\/types\/post"}],"author":[{"embeddable":true,"href":"https:\/\/miguelandreis.com.ar\/opinion\/wp-json\/wp\/v2\/users\/3"}],"replies":[{"embeddable":true,"href":"https:\/\/miguelandreis.com.ar\/opinion\/wp-json\/wp\/v2\/comments?post=2610"}],"version-history":[{"count":2,"href":"https:\/\/miguelandreis.com.ar\/opinion\/wp-json\/wp\/v2\/posts\/2610\/revisions"}],"predecessor-version":[{"id":2614,"href":"https:\/\/miguelandreis.com.ar\/opinion\/wp-json\/wp\/v2\/posts\/2610\/revisions\/2614"}],"wp:featuredmedia":[{"embeddable":true,"href":"https:\/\/miguelandreis.com.ar\/opinion\/wp-json\/wp\/v2\/media\/2613"}],"wp:attachment":[{"href":"https:\/\/miguelandreis.com.ar\/opinion\/wp-json\/wp\/v2\/media?parent=2610"}],"wp:term":[{"taxonomy":"category","embeddable":true,"href":"https:\/\/miguelandreis.com.ar\/opinion\/wp-json\/wp\/v2\/categories?post=2610"},{"taxonomy":"post_tag","embeddable":true,"href":"https:\/\/miguelandreis.com.ar\/opinion\/wp-json\/wp\/v2\/tags?post=2610"}],"curies":[{"name":"wp","href":"https:\/\/api.w.org\/{rel}","templated":true}]}}